{"id":22784,"date":"2023-06-27T15:38:47","date_gmt":"2023-06-27T19:38:47","guid":{"rendered":"https:\/\/www.gambyl.com\/?p=22784"},"modified":"2023-06-27T15:40:45","modified_gmt":"2023-06-27T19:40:45","slug":"tour-de-france-2023-contendores-latam","status":"publish","type":"post","link":"https:\/\/www.gambyl.com\/pt_br\/ciclismo\/tour-de-france-2023-contendores-latam\/","title":{"rendered":"Candidatos da Am\u00e9rica Latina ao Tour de France 2023"},"content":{"rendered":"<p>O prestigiado Tour de France, a corrida de ciclismo mais famosa do mundo, viu recentemente uma onda de ciclistas talentosos da Am\u00e9rica Latina. Estes ciclistas n\u00e3o s\u00f3 participaram na corrida como tamb\u00e9m deixaram uma marca indel\u00e9vel na hist\u00f3ria do evento.<br><br>Enquanto aguardamos a edi\u00e7\u00e3o de 2023, que come\u00e7a em 1\u00ba de julho de 2023, vamos dar uma olhada em alguns dos principais competidores latino-americanos que dever\u00e3o brilhar na corrida.<\/p>\n\n\n\n<h2 class=\"wp-block-heading\">Vencedores do Tour de France da Am\u00e9rica Latina<\/h2>\n\n\n\n<p><strong>Em 2019, o colombiano Egan Bernal tornou-se o primeiro ciclista latino-americano a vencer o Tour de France, fazendo hist\u00f3ria e inspirando uma nova gera\u00e7\u00e3o de atletas da regi\u00e3o.<\/strong> Al\u00e9m disso, esta vit\u00f3ria mostrou o potencial dos ciclistas latino-americanos no cen\u00e1rio mundial e abriu caminho para mais competidores da LATAM.<\/p>\n\n\n\n<h2 class=\"wp-block-heading\">Principais concorrentes da LATAM no Tour de France 2023<\/h2>\n\n\n\n<p>Estes s\u00e3o alguns dos ciclistas latino-americanos mais promissores que dever\u00e3o causar um impacto significativo no Tour de France de 2023:<\/p>\n\n\n\n<h3 class=\"wp-block-heading\">Egan Bernal (Col\u00f4mbia)<\/h3>\n\n\n\n<p>O campe\u00e3o do Tour de France 2019 \u00e9, sem d\u00favida, um dos principais candidatos da Am\u00e9rica Latina. A habilidade de escalada de Bernal e o forte apoio da equipe fazem dele uma for\u00e7a a ser reconhecida no <a href=\"https:\/\/www.gambyl.com\/pt_br\/ciclismo\/\">a corrida.<\/a><\/p>\n\n\n\n<h3 class=\"wp-block-heading\">Daniel Mart\u00ednez (Col\u00f4mbia)<\/h3>\n\n\n\n<p>Outro talento colombiano, Martinez, \u00e9 conhecido por suas excepcionais habilidades de escalada e contra-rel\u00f3gio. <strong>Al\u00e9m disso, j\u00e1 demonstrou seu potencial ao vencer o Crit\u00e9rium du Dauphin\u00e9 em 2020.<\/strong><\/p>\n\n\n\n<h3 class=\"wp-block-heading\">Harold Tejada (Col\u00f4mbia)<\/h3>\n\n\n\n<p>Este jovem ciclista colombiano tem feito sucesso no mundo do ciclismo com seus desempenhos impressionantes nas \u00faltimas corridas. Por outro lado, n\u00e3o podemos ignorar o estilo de pilotagem agressivo e a determina\u00e7\u00e3o de Tejada, que fazem dele um piloto a ter em conta no Tour de France de 2023.<\/p>\n\n\n\n<h3 class=\"wp-block-heading\">Andrey Amador (Costa Rica)<\/h3>\n\n\n\n<p><strong>Primeiro ciclista costarriquenho a participar do Tour de France, Amador j\u00e1 fez hist\u00f3ria.<\/strong> Al\u00e9m disso, a experi\u00eancia e versatilidade de Amador fazem dele um trunfo valioso para qualquer equipe e um potencial candidato \u00e0 classifica\u00e7\u00e3o geral.<\/p>\n\n\n\n<h3 class=\"wp-block-heading\">Esteban Chaves (Col\u00f4mbia)<\/h3>\n\n\n\n<p><strong>Chaves tem sido um piloto consistente em Grand Tours, com v\u00e1rios resultados entre os 10 primeiros no Giro d&#039;Italia e na Vuelta a Espa\u00f1a. <\/strong>Como resultado, esperamos que este colombiano seja um dos principais candidatos da LATAM no Tour de France de 2023.<\/p>\n\n\n\n<h3 class=\"wp-block-heading\">Richard Carapaz (Equador)<\/h3>\n\n\n\n<p>O vencedor do Giro d&#039;Italia de 2019 \u00e9 possivelmente o candidato latino-americano mais favorito para o Tour de France de 2023. Al\u00e9m disso, devemos mencionar que Carapaz possui impressionantes habilidades de escalada e extraordin\u00e1ria experi\u00eancia em eventos de grande porte. <strong>Neste momento, o equatoriano \u00e9 uma s\u00e9ria amea\u00e7a para diversos ciclistas em todo o mundo.<\/strong><\/p>\n\n\n\n<h3 class=\"wp-block-heading\">Rigoberto Ur\u00e1n (Col\u00f4mbia)<\/h3>\n\n\n\n<p>Ur\u00e1n \u00e9 um profissional experiente, com v\u00e1rios resultados entre os 10 primeiros no Tour de France e um piloto vers\u00e1til, capaz de se destacar em etapas de escalada e contra-rel\u00f3gio.<br><br>Vale ressaltar que esses s\u00e3o os ciclistas LATAM que conhecemos at\u00e9 agora para participar do Tour de France 2023. Por\u00e9m, teremos que esperar para ver se esses ciclistas conseguir\u00e3o enfrentar o dinamarqu\u00eas Jonas Vingegaard, atual campe\u00e3o da edi\u00e7\u00e3o de 2022, e Esloveno Tadej Pogacar, campe\u00e3o dos torneios de 2020 e 2021. Estes dois pilotos s\u00e3o os principais favoritos \u00e0 conquista do trof\u00e9u de campe\u00e3o na 110\u00aa edi\u00e7\u00e3o da prova.<\/p>\n\n\n\n<div class=\"wp-block-ink-adddata-ink-adddata-ink\"><\/div>","protected":false},"excerpt":{"rendered":"<p>The prestigious Tour de France, the world&#8217;s most famous cycling race, has recently seen a surge of talented riders from Latin America. These cyclists have not only participated in the race but have also left an indelible mark on the event&#8217;s history. As we look forward to the 2023 edition, which kicks off on July [&hellip;]<\/p>","protected":false},"author":10,"featured_media":22789,"comment_status":"open","ping_status":"open","sticky":false,"template":"","format":"standard","meta":{"om_disable_all_campaigns":false,"_lmt_disableupdate":"","_lmt_disable":"","footnotes":"","_wpscp_schedule_draft_date":"","_wpscp_schedule_republish_date":"","_wpscppro_advance_schedule":false,"_wpscppro_advance_schedule_date":"","_wpscppro_dont_share_socialmedia":false,"_wpscppro_custom_social_share_image":0,"_facebook_share_type":"","_twitter_share_type":"","_linkedin_share_type":"","_pinterest_share_type":"","_linkedin_share_type_page":"","_instagram_share_type":"","_medium_share_type":"","_threads_share_type":"","_google_business_share_type":"","_selected_social_profile":[],"_wpsp_enable_custom_social_template":false,"_wpsp_social_scheduling":{"enabled":false,"datetime":null,"platforms":[],"status":"template_only","dateOption":"today","timeOption":"now","customDays":"","customHours":"","customDate":"","customTime":"","schedulingType":"absolute"},"_wpsp_active_default_template":true},"categories":[657],"tags":[1150],"class_list":["post-22784","post","type-post","status-publish","format-standard","has-post-thumbnail","hentry","category-cycling","tag-tour-de-france"],"aioseo_notices":[],"modified_by":"Erwin Noguera","aioseo_head":"\n\t\t<!-- All in One SEO Pro 4.9.6.2 - aioseo.com -->\n\t<meta name=\"description\" content=\"The prestigious Tour de France, the world&#039;s most famous cycling race, has recently seen a surge of talented riders from Latin America. These cyclists have not only participated in the race but have also left an indelible mark on the event&#039;s history.As we look forward to the 2023 edition, which kicks off on July 1,\" \/>\n\t<meta name=\"robots\" content=\"max-image-preview:large\" \/>\n\t<meta name=\"author\" content=\"Eduardo Perozo\"\/>\n\t<meta name=\"google-site-verification\" content=\"g4nMgEUwH_EUeAHO1on7tJ8dc_UVEdTvD7NXvjDBtYI\" \/>\n\t<meta name=\"msvalidate.01\" content=\"11AACE468E54A2AFF018B9903D7E59EC\" \/>\n\t<meta name=\"p:domain_verify\" content=\"2dd0267387e90e116bf3240265818d71\" \/>\n\t<meta name=\"yandex-verification\" content=\"07d0c340775b3ea0\" \/>\n\t<link rel=\"canonical\" href=\"https:\/\/www.gambyl.com\/pt_br\/ciclismo\/tour-de-france-2023-contendores-latam\/\" \/>\n\t<meta name=\"generator\" content=\"All in One SEO Pro (AIOSEO) 4.9.6.2\" \/>\n\t\t<meta property=\"og:locale\" content=\"pt_BR\" \/>\n\t\t<meta property=\"og:site_name\" content=\"Gambyl Sports Betting Exchange - Bet on Sports Where The House Never Wins\" \/>\n\t\t<meta property=\"og:type\" content=\"article\" \/>\n\t\t<meta property=\"og:title\" content=\"Tour de France 2023 LATAM Contenders - Gambyl Sports Betting Exchange\" \/>\n\t\t<meta property=\"og:description\" content=\"The prestigious Tour de France, the world&#039;s most famous cycling race, has recently seen a surge of talented riders from Latin America. These cyclists have not only participated in the race but have also left an indelible mark on the event&#039;s history.As we look forward to the 2023 edition, which kicks off on July 1,\" \/>\n\t\t<meta property=\"og:url\" content=\"https:\/\/www.gambyl.com\/pt_br\/ciclismo\/tour-de-france-2023-contendores-latam\/\" \/>\n\t\t<meta property=\"og:image\" content=\"https:\/\/www.gambyl.com\/wp-content\/uploads\/2023\/06\/Tour-de-France-2023-LATAM-Contenders.jpg\" \/>\n\t\t<meta property=\"og:image:secure_url\" content=\"https:\/\/www.gambyl.com\/wp-content\/uploads\/2023\/06\/Tour-de-France-2023-LATAM-Contenders.jpg\" \/>\n\t\t<meta property=\"og:image:width\" content=\"1643\" \/>\n\t\t<meta property=\"og:image:height\" content=\"924\" \/>\n\t\t<meta property=\"article:published_time\" content=\"2023-06-27T19:38:47+00:00\" \/>\n\t\t<meta property=\"article:modified_time\" content=\"2023-06-27T19:40:45+00:00\" \/>\n\t\t<meta property=\"article:publisher\" content=\"https:\/\/facebook.com\/realgambyl\/\" \/>\n\t\t<meta name=\"twitter:card\" content=\"summary_large_image\" \/>\n\t\t<meta name=\"twitter:site\" content=\"@realgambyl\" \/>\n\t\t<meta name=\"twitter:title\" content=\"Tour de France 2023 LATAM Contenders - Gambyl Sports Betting Exchange\" \/>\n\t\t<meta name=\"twitter:description\" content=\"The prestigious Tour de France, the world&#039;s most famous cycling race, has recently seen a surge of talented riders from Latin America. These cyclists have not only participated in the race but have also left an indelible mark on the event&#039;s history.As we look forward to the 2023 edition, which kicks off on July 1,\" \/>\n\t\t<meta name=\"twitter:creator\" content=\"@realgambyl\" \/>\n\t\t<meta name=\"twitter:image\" content=\"https:\/\/new.gambyl.com\/wp-content\/uploads\/2021\/01\/gambyl_logo.png\" \/>\n\t\t<script type=\"application\/ld+json\" class=\"aioseo-schema\">{\"@context\":\"https:\\\/\\\/schema.org\",\"@graph\":[{\"@type\":\"BlogPosting\",\"@id\":\"https:\\\/\\\/www.gambyl.com\\\/pt_br\\\/ciclismo\\\/tour-de-france-2023-contendores-latam\\\/#blogposting\",\"name\":\"Tour de France 2023 LATAM Contenders - Gambyl Sports Betting Exchange\",\"headline\":\"Tour de France 2023 LATAM Contenders\",\"author\":{\"@id\":\"https:\\\/\\\/www.gambyl.com\\\/pt_br\\\/author\\\/eduardo\\\/#author\"},\"publisher\":{\"@id\":\"https:\\\/\\\/www.gambyl.com\\\/pt_br\\\/#organization\"},\"image\":{\"@type\":\"ImageObject\",\"url\":\"https:\\\/\\\/cdn.shortpixel.ai\\\/spai\\\/q_lossless+ret_img+to_webp\\\/www.gambyl.com\\\/wp-content\\\/uploads\\\/2023\\\/06\\\/Tour-de-France-2023-LATAM-Contenders.jpg\",\"width\":1643,\"height\":924,\"caption\":\"Tour de France 2023 LATAM Contenders\"},\"datePublished\":\"2023-06-27T15:38:47-06:00\",\"dateModified\":\"2023-06-27T15:40:45-06:00\",\"inLanguage\":\"pt-BR\",\"mainEntityOfPage\":{\"@id\":\"https:\\\/\\\/www.gambyl.com\\\/pt_br\\\/ciclismo\\\/tour-de-france-2023-contendores-latam\\\/#webpage\"},\"isPartOf\":{\"@id\":\"https:\\\/\\\/www.gambyl.com\\\/pt_br\\\/ciclismo\\\/tour-de-france-2023-contendores-latam\\\/#webpage\"},\"articleSection\":\"Cycling, Tour de France\"},{\"@type\":\"BreadcrumbList\",\"@id\":\"https:\\\/\\\/www.gambyl.com\\\/pt_br\\\/ciclismo\\\/tour-de-france-2023-contendores-latam\\\/#breadcrumblist\",\"itemListElement\":[{\"@type\":\"ListItem\",\"@id\":\"https:\\\/\\\/www.gambyl.com\\\/pt_br\\\/#listItem\",\"position\":1,\"name\":\"Home\",\"item\":\"https:\\\/\\\/www.gambyl.com\\\/pt_br\\\/\",\"nextItem\":{\"@type\":\"ListItem\",\"@id\":\"https:\\\/\\\/www.gambyl.com\\\/pt_br\\\/ciclismo\\\/#listItem\",\"name\":\"Cycling\"}},{\"@type\":\"ListItem\",\"@id\":\"https:\\\/\\\/www.gambyl.com\\\/pt_br\\\/ciclismo\\\/#listItem\",\"position\":2,\"name\":\"Cycling\",\"item\":\"https:\\\/\\\/www.gambyl.com\\\/pt_br\\\/ciclismo\\\/\",\"nextItem\":{\"@type\":\"ListItem\",\"@id\":\"https:\\\/\\\/www.gambyl.com\\\/pt_br\\\/ciclismo\\\/tour-de-france-2023-contendores-latam\\\/#listItem\",\"name\":\"Tour de France 2023 LATAM Contenders\"},\"previousItem\":{\"@type\":\"ListItem\",\"@id\":\"https:\\\/\\\/www.gambyl.com\\\/pt_br\\\/#listItem\",\"name\":\"Home\"}},{\"@type\":\"ListItem\",\"@id\":\"https:\\\/\\\/www.gambyl.com\\\/pt_br\\\/ciclismo\\\/tour-de-france-2023-contendores-latam\\\/#listItem\",\"position\":3,\"name\":\"Tour de France 2023 LATAM Contenders\",\"previousItem\":{\"@type\":\"ListItem\",\"@id\":\"https:\\\/\\\/www.gambyl.com\\\/pt_br\\\/ciclismo\\\/#listItem\",\"name\":\"Cycling\"}}]},{\"@type\":\"Organization\",\"@id\":\"https:\\\/\\\/www.gambyl.com\\\/pt_br\\\/#organization\",\"name\":\"Gambyl Sports Betting Exchange\",\"description\":\"Bet on Sports Where The House Never Wins\",\"url\":\"https:\\\/\\\/www.gambyl.com\\\/pt_br\\\/\",\"email\":\"hola@gambyl.com\",\"telephone\":\"+19012059469\",\"foundingDate\":\"2022-06-01\",\"logo\":{\"@type\":\"ImageObject\",\"url\":\"https:\\\/\\\/cdn.shortpixel.ai\\\/spai\\\/q_lossless+ret_img+to_webp\\\/www.gambyl.com\\\/wp-content\\\/uploads\\\/2021\\\/01\\\/cropped-gambyl_logo.jpg\",\"@id\":\"https:\\\/\\\/www.gambyl.com\\\/pt_br\\\/ciclismo\\\/tour-de-france-2023-contendores-latam\\\/#organizationLogo\",\"width\":512,\"height\":512,\"caption\":\"Gambyl Thumbnail Logo Purple\"},\"image\":{\"@id\":\"https:\\\/\\\/www.gambyl.com\\\/pt_br\\\/ciclismo\\\/tour-de-france-2023-contendores-latam\\\/#organizationLogo\"},\"sameAs\":[\"https:\\\/\\\/facebook.com\\\/realgambyl\\\/\",\"https:\\\/\\\/twitter.com\\\/realgambyl\\\/\",\"https:\\\/\\\/instagram.com\\\/realgambyl_es\\\/\",\"https:\\\/\\\/tiktok.com\\\/@realgambyl\",\"https:\\\/\\\/www.pinterest.ca\\\/realgambyl\\\/\",\"https:\\\/\\\/www.youtube.com\\\/channel\\\/UC7DMuQpsBQaIsDhTcGQt-Ow\",\"https:\\\/\\\/reddit.com\\\/r\\\/gambyl\",\"https:\\\/\\\/discord.gg\\\/dZewkvMNgx\"]},{\"@type\":\"Person\",\"@id\":\"https:\\\/\\\/www.gambyl.com\\\/pt_br\\\/author\\\/eduardo\\\/#author\",\"url\":\"https:\\\/\\\/www.gambyl.com\\\/pt_br\\\/author\\\/eduardo\\\/\",\"name\":\"Eduardo Perozo\",\"image\":{\"@type\":\"ImageObject\",\"url\":\"https:\\\/\\\/cdn.shortpixel.ai\\\/spai\\\/q_lossless+ret_img+to_webp\\\/www.gambyl.com\\\/wp-content\\\/uploads\\\/2021\\\/01\\\/gambyl_logo.png\"}},{\"@type\":\"WebPage\",\"@id\":\"https:\\\/\\\/www.gambyl.com\\\/pt_br\\\/ciclismo\\\/tour-de-france-2023-contendores-latam\\\/#webpage\",\"url\":\"https:\\\/\\\/www.gambyl.com\\\/pt_br\\\/ciclismo\\\/tour-de-france-2023-contendores-latam\\\/\",\"name\":\"Tour de France 2023 LATAM Contenders - Gambyl Sports Betting Exchange\",\"description\":\"The prestigious Tour de France, the world's most famous cycling race, has recently seen a surge of talented riders from Latin America. These cyclists have not only participated in the race but have also left an indelible mark on the event's history.As we look forward to the 2023 edition, which kicks off on July 1,\",\"inLanguage\":\"pt-BR\",\"isPartOf\":{\"@id\":\"https:\\\/\\\/www.gambyl.com\\\/pt_br\\\/#website\"},\"breadcrumb\":{\"@id\":\"https:\\\/\\\/www.gambyl.com\\\/pt_br\\\/ciclismo\\\/tour-de-france-2023-contendores-latam\\\/#breadcrumblist\"},\"author\":{\"@id\":\"https:\\\/\\\/www.gambyl.com\\\/pt_br\\\/author\\\/eduardo\\\/#author\"},\"creator\":{\"@id\":\"https:\\\/\\\/www.gambyl.com\\\/pt_br\\\/author\\\/eduardo\\\/#author\"},\"image\":{\"@type\":\"ImageObject\",\"url\":\"https:\\\/\\\/cdn.shortpixel.ai\\\/spai\\\/q_lossless+ret_img+to_webp\\\/www.gambyl.com\\\/wp-content\\\/uploads\\\/2023\\\/06\\\/Tour-de-France-2023-LATAM-Contenders.jpg\",\"@id\":\"https:\\\/\\\/www.gambyl.com\\\/pt_br\\\/ciclismo\\\/tour-de-france-2023-contendores-latam\\\/#mainImage\",\"width\":1643,\"height\":924,\"caption\":\"Tour de France 2023 LATAM Contenders\"},\"primaryImageOfPage\":{\"@id\":\"https:\\\/\\\/www.gambyl.com\\\/pt_br\\\/ciclismo\\\/tour-de-france-2023-contendores-latam\\\/#mainImage\"},\"datePublished\":\"2023-06-27T15:38:47-06:00\",\"dateModified\":\"2023-06-27T15:40:45-06:00\"},{\"@type\":\"WebSite\",\"@id\":\"https:\\\/\\\/www.gambyl.com\\\/pt_br\\\/#website\",\"url\":\"https:\\\/\\\/www.gambyl.com\\\/pt_br\\\/\",\"name\":\"Gambyl Sports Betting Exchange\",\"alternateName\":\"Gambyl Sports\",\"description\":\"Bet on Sports Where The House Never Wins\",\"inLanguage\":\"pt-BR\",\"publisher\":{\"@id\":\"https:\\\/\\\/www.gambyl.com\\\/pt_br\\\/#organization\"}}]}<\/script>\n\t\t<script type=\"text\/javascript\">\n\t\t\t(function(c,l,a,r,i,t,y){\n\t\t\tc[a]=c[a]||function(){(c[a].q=c[a].q||[]).push(arguments)};t=l.createElement(r);t.async=1;\n\t\t\tt.src=\"https:\/\/www.clarity.ms\/tag\/\"+i+\"?ref=aioseo\";y=l.getElementsByTagName(r)[0];y.parentNode.insertBefore(t,y);\n\t\t})(window, document, \"clarity\", \"script\", \"hxcfb9ve51\");\n\t\t<\/script>\n\t\t<!-- All in One SEO Pro -->\r\n\t\t<title>Tour de France 2023 LATAM Contenders - Gambyl Sports Betting Exchange<\/title>\n\n","aioseo_head_json":{"title":"Concorrentes do Tour de France 2023 LATAM - Gambyl Sports Betting Exchange","description":"O prestigiado Tour de France, a corrida de ciclismo mais famosa do mundo, viu recentemente uma onda de ciclistas talentosos da Am\u00e9rica Latina. Esses ciclistas n\u00e3o s\u00f3 participaram da corrida, mas tamb\u00e9m deixaram uma marca indel\u00e9vel na hist\u00f3ria do evento. Enquanto aguardamos a edi\u00e7\u00e3o de 2023, que come\u00e7a no dia 1\u00ba de julho,","canonical_url":"https:\/\/www.gambyl.com\/pt_br\/ciclismo\/tour-de-france-2023-contendores-latam\/","robots":"max-image-preview:large","keywords":"","webmasterTools":{"google-site-verification":"g4nMgEUwH_EUeAHO1on7tJ8dc_UVEdTvD7NXvjDBtYI","msvalidate.01":"11AACE468E54A2AFF018B9903D7E59EC","p:domain_verify":"2dd0267387e90e116bf3240265818d71","yandex-verification":"07d0c340775b3ea0","miscellaneous":""},"schema":{"@context":"https:\/\/schema.org","@graph":[{"@type":"BlogPosting","@id":"https:\/\/www.gambyl.com\/pt_br\/ciclismo\/tour-de-france-2023-contendores-latam\/#blogposting","name":"Tour de France 2023 LATAM Contenders - Gambyl Sports Betting Exchange","headline":"Tour de France 2023 LATAM Contenders","author":{"@id":"https:\/\/www.gambyl.com\/pt_br\/author\/eduardo\/#author"},"publisher":{"@id":"https:\/\/www.gambyl.com\/pt_br\/#organization"},"image":{"@type":"ImageObject","url":"data:image\/svg+xml;base64,PHN2ZyB4bWxucz0iaHR0cDovL3d3dy53My5vcmcvMjAwMC9zdmciIHZpZXdCb3g9IjAgMCAxNjQzIDkyNCIgd2lkdGg9IjE2NDMiIGhlaWdodD0iOTI0IiBkYXRhLXU9Imh0dHBzJTNBJTJGJTJGd3d3LmdhbWJ5bC5jb20lMkZ3cC1jb250ZW50JTJGdXBsb2FkcyUyRjIwMjMlMkYwNiUyRlRvdXItZGUtRnJhbmNlLTIwMjMtTEFUQU0tQ29udGVuZGVycy5qcGciIGRhdGEtdz0iMTY0MyIgZGF0YS1oPSI5MjQiIGRhdGEtYmlwPSIiPjwvc3ZnPg==","width":1643,"height":924,"caption":"Tour de France 2023 LATAM Contenders"},"datePublished":"2023-06-27T15:38:47-06:00","dateModified":"2023-06-27T15:40:45-06:00","inLanguage":"pt-BR","mainEntityOfPage":{"@id":"https:\/\/www.gambyl.com\/pt_br\/ciclismo\/tour-de-france-2023-contendores-latam\/#webpage"},"isPartOf":{"@id":"https:\/\/www.gambyl.com\/pt_br\/ciclismo\/tour-de-france-2023-contendores-latam\/#webpage"},"articleSection":"Cycling, Tour de France"},{"@type":"BreadcrumbList","@id":"https:\/\/www.gambyl.com\/pt_br\/ciclismo\/tour-de-france-2023-contendores-latam\/#breadcrumblist","itemListElement":[{"@type":"ListItem","@id":"https:\/\/www.gambyl.com\/pt_br\/#listItem","position":1,"name":"Home","item":"https:\/\/www.gambyl.com\/pt_br\/","nextItem":{"@type":"ListItem","@id":"https:\/\/www.gambyl.com\/pt_br\/ciclismo\/#listItem","name":"Cycling"}},{"@type":"ListItem","@id":"https:\/\/www.gambyl.com\/pt_br\/ciclismo\/#listItem","position":2,"name":"Cycling","item":"https:\/\/www.gambyl.com\/pt_br\/ciclismo\/","nextItem":{"@type":"ListItem","@id":"https:\/\/www.gambyl.com\/pt_br\/ciclismo\/tour-de-france-2023-contendores-latam\/#listItem","name":"Tour de France 2023 LATAM Contenders"},"previousItem":{"@type":"ListItem","@id":"https:\/\/www.gambyl.com\/pt_br\/#listItem","name":"Home"}},{"@type":"ListItem","@id":"https:\/\/www.gambyl.com\/pt_br\/ciclismo\/tour-de-france-2023-contendores-latam\/#listItem","position":3,"name":"Tour de France 2023 LATAM Contenders","previousItem":{"@type":"ListItem","@id":"https:\/\/www.gambyl.com\/pt_br\/ciclismo\/#listItem","name":"Cycling"}}]},{"@type":"Organization","@id":"https:\/\/www.gambyl.com\/pt_br\/#organization","name":"Gambyl Sports Betting Exchange","description":"Bet on Sports Where The House Never Wins","url":"https:\/\/www.gambyl.com\/pt_br\/","email":"hola@gambyl.com","telephone":"+19012059469","foundingDate":"2022-06-01","logo":{"@type":"ImageObject","url":"data:image\/svg+xml;base64,PHN2ZyB4bWxucz0iaHR0cDovL3d3dy53My5vcmcvMjAwMC9zdmciIHZpZXdCb3g9IjAgMCA1MTIgNTEyIiB3aWR0aD0iNTEyIiBoZWlnaHQ9IjUxMiIgZGF0YS11PSJodHRwcyUzQSUyRiUyRnd3dy5nYW1ieWwuY29tJTJGd3AtY29udGVudCUyRnVwbG9hZHMlMkYyMDIxJTJGMDElMkZjcm9wcGVkLWdhbWJ5bF9sb2dvLmpwZyIgZGF0YS13PSI1MTIiIGRhdGEtaD0iNTEyIiBkYXRhLWJpcD0iIj48L3N2Zz4=","@id":"https:\/\/www.gambyl.com\/pt_br\/ciclismo\/tour-de-france-2023-contendores-latam\/#organizationLogo","width":512,"height":512,"caption":"Gambyl Thumbnail Logo Purple"},"image":{"@id":"https:\/\/www.gambyl.com\/pt_br\/ciclismo\/tour-de-france-2023-contendores-latam\/#organizationLogo"},"sameAs":["https:\/\/facebook.com\/realgambyl\/","https:\/\/twitter.com\/realgambyl\/","https:\/\/instagram.com\/realgambyl_es\/","https:\/\/tiktok.com\/@realgambyl","https:\/\/www.pinterest.ca\/realgambyl\/","https:\/\/www.youtube.com\/channel\/UC7DMuQpsBQaIsDhTcGQt-Ow","https:\/\/reddit.com\/r\/gambyl","https:\/\/discord.gg\/dZewkvMNgx"]},{"@type":"Person","@id":"https:\/\/www.gambyl.com\/pt_br\/author\/eduardo\/#author","url":"https:\/\/www.gambyl.com\/pt_br\/author\/eduardo\/","name":"Eduardo Perozo","image":{"@type":"ImageObject","url":"data:image\/svg+xml;base64,PHN2ZyB4bWxucz0iaHR0cDovL3d3dy53My5vcmcvMjAwMC9zdmciIHZpZXdCb3g9IjAgMCAxIDEiIHdpZHRoPSIxIiBoZWlnaHQ9IjEiIGRhdGEtdT0iaHR0cHMlM0ElMkYlMkZ3d3cuZ2FtYnlsLmNvbSUyRndwLWNvbnRlbnQlMkZ1cGxvYWRzJTJGMjAyMSUyRjAxJTJGZ2FtYnlsX2xvZ28ucG5nIiBkYXRhLXc9IjEiIGRhdGEtaD0iMSIgZGF0YS1iaXA9IiI+PC9zdmc+"}},{"@type":"WebPage","@id":"https:\/\/www.gambyl.com\/pt_br\/ciclismo\/tour-de-france-2023-contendores-latam\/#webpage","url":"https:\/\/www.gambyl.com\/pt_br\/ciclismo\/tour-de-france-2023-contendores-latam\/","name":"Tour de France 2023 LATAM Contenders - Gambyl Sports Betting Exchange","description":"The prestigious Tour de France, the world's most famous cycling race, has recently seen a surge of talented riders from Latin America. These cyclists have not only participated in the race but have also left an indelible mark on the event's history.As we look forward to the 2023 edition, which kicks off on July 1,","inLanguage":"pt-BR","isPartOf":{"@id":"https:\/\/www.gambyl.com\/pt_br\/#website"},"breadcrumb":{"@id":"https:\/\/www.gambyl.com\/pt_br\/ciclismo\/tour-de-france-2023-contendores-latam\/#breadcrumblist"},"author":{"@id":"https:\/\/www.gambyl.com\/pt_br\/author\/eduardo\/#author"},"creator":{"@id":"https:\/\/www.gambyl.com\/pt_br\/author\/eduardo\/#author"},"image":{"@type":"ImageObject","url":"data:image\/svg+xml;base64,PHN2ZyB4bWxucz0iaHR0cDovL3d3dy53My5vcmcvMjAwMC9zdmciIHZpZXdCb3g9IjAgMCAxNjQzIDkyNCIgd2lkdGg9IjE2NDMiIGhlaWdodD0iOTI0IiBkYXRhLXU9Imh0dHBzJTNBJTJGJTJGd3d3LmdhbWJ5bC5jb20lMkZ3cC1jb250ZW50JTJGdXBsb2FkcyUyRjIwMjMlMkYwNiUyRlRvdXItZGUtRnJhbmNlLTIwMjMtTEFUQU0tQ29udGVuZGVycy5qcGciIGRhdGEtdz0iMTY0MyIgZGF0YS1oPSI5MjQiIGRhdGEtYmlwPSIiPjwvc3ZnPg==","@id":"https:\/\/www.gambyl.com\/pt_br\/ciclismo\/tour-de-france-2023-contendores-latam\/#mainImage","width":1643,"height":924,"caption":"Tour de France 2023 LATAM Contenders"},"primaryImageOfPage":{"@id":"https:\/\/www.gambyl.com\/pt_br\/ciclismo\/tour-de-france-2023-contendores-latam\/#mainImage"},"datePublished":"2023-06-27T15:38:47-06:00","dateModified":"2023-06-27T15:40:45-06:00"},{"@type":"WebSite","@id":"https:\/\/www.gambyl.com\/pt_br\/#website","url":"https:\/\/www.gambyl.com\/pt_br\/","name":"Gambyl Sports Betting Exchange","alternateName":"Gambyl Sports","description":"Bet on Sports Where The House Never Wins","inLanguage":"pt-BR","publisher":{"@id":"https:\/\/www.gambyl.com\/pt_br\/#organization"}}]},"og:locale":"pt_BR","og:site_name":"Gambyl Sports Betting Exchange - Bet on Sports Where The House Never Wins","og:type":"article","og:title":"Tour de France 2023 LATAM Contenders - Gambyl Sports Betting Exchange","og:description":"The prestigious Tour de France, the world's most famous cycling race, has recently seen a surge of talented riders from Latin America. These cyclists have not only participated in the race but have also left an indelible mark on the event's history.As we look forward to the 2023 edition, which kicks off on July 1,","og:url":"https:\/\/www.gambyl.com\/pt_br\/ciclismo\/tour-de-france-2023-contendores-latam\/","og:image":"data:image\/svg+xml;base64,PHN2ZyB4bWxucz0iaHR0cDovL3d3dy53My5vcmcvMjAwMC9zdmciIHZpZXdCb3g9IjAgMCAxNjQzIDkyNCIgd2lkdGg9IjE2NDMiIGhlaWdodD0iOTI0IiBkYXRhLXU9Imh0dHBzJTNBJTJGJTJGd3d3LmdhbWJ5bC5jb20lMkZ3cC1jb250ZW50JTJGdXBsb2FkcyUyRjIwMjMlMkYwNiUyRlRvdXItZGUtRnJhbmNlLTIwMjMtTEFUQU0tQ29udGVuZGVycy5qcGciIGRhdGEtdz0iMTY0MyIgZGF0YS1oPSI5MjQiIGRhdGEtYmlwPSIiPjwvc3ZnPg==","og:image:secure_url":"data:image\/svg+xml;base64,PHN2ZyB4bWxucz0iaHR0cDovL3d3dy53My5vcmcvMjAwMC9zdmciIHZpZXdCb3g9IjAgMCAxNjQzIDkyNCIgd2lkdGg9IjE2NDMiIGhlaWdodD0iOTI0IiBkYXRhLXU9Imh0dHBzJTNBJTJGJTJGd3d3LmdhbWJ5bC5jb20lMkZ3cC1jb250ZW50JTJGdXBsb2FkcyUyRjIwMjMlMkYwNiUyRlRvdXItZGUtRnJhbmNlLTIwMjMtTEFUQU0tQ29udGVuZGVycy5qcGciIGRhdGEtdz0iMTY0MyIgZGF0YS1oPSI5MjQiIGRhdGEtYmlwPSIiPjwvc3ZnPg==","og:image:width":1643,"og:image:height":924,"article:published_time":"2023-06-27T19:38:47+00:00","article:modified_time":"2023-06-27T19:40:45+00:00","article:publisher":"https:\/\/facebook.com\/realgambyl\/","twitter:card":"summary_large_image","twitter:site":"@realgambyl","twitter:title":"Tour de France 2023 LATAM Contenders - Gambyl Sports Betting Exchange","twitter:description":"The prestigious Tour de France, the world's most famous cycling race, has recently seen a surge of talented riders from Latin America. These cyclists have not only participated in the race but have also left an indelible mark on the event's history.As we look forward to the 2023 edition, which kicks off on July 1,","twitter:creator":"@realgambyl","twitter:image":"data:image\/svg+xml;base64,PHN2ZyB4bWxucz0iaHR0cDovL3d3dy53My5vcmcvMjAwMC9zdmciIHZpZXdCb3g9IjAgMCAxIDEiIHdpZHRoPSIxIiBoZWlnaHQ9IjEiIGRhdGEtdT0iaHR0cHMlM0ElMkYlMkZuZXcuZ2FtYnlsLmNvbSUyRndwLWNvbnRlbnQlMkZ1cGxvYWRzJTJGMjAyMSUyRjAxJTJGZ2FtYnlsX2xvZ28ucG5nIiBkYXRhLXc9IjEiIGRhdGEtaD0iMSIgZGF0YS1iaXA9IiI+PC9zdmc+"},"aioseo_meta_data":{"post_id":"22784","title":null,"description":null,"keywords":null,"keyphrases":null,"primary_term":null,"canonical_url":null,"og_title":null,"og_description":null,"og_object_type":"default","og_image_type":"default","og_image_url":null,"og_image_width":null,"og_image_height":null,"og_image_custom_url":null,"og_image_custom_fields":null,"og_video":null,"og_custom_url":null,"og_article_section":null,"og_article_tags":null,"twitter_use_og":false,"twitter_card":"default","twitter_image_type":"default","twitter_image_url":null,"twitter_image_custom_url":null,"twitter_image_custom_fields":null,"twitter_title":null,"twitter_description":null,"schema":{"blockGraphs":[],"customGraphs":[],"default":{"data":{"Article":[],"Course":[],"Dataset":[],"FAQPage":[],"Movie":[],"Person":[],"Product":[],"ProductReview":[],"Car":[],"Recipe":[],"Service":[],"SoftwareApplication":[],"WebPage":[]},"graphName":"","isEnabled":true},"graphs":[]},"schema_type":"default","schema_type_options":null,"pillar_content":false,"robots_default":true,"robots_noindex":false,"robots_noarchive":false,"robots_nosnippet":false,"robots_nofollow":false,"robots_noimageindex":false,"robots_noodp":false,"robots_notranslate":false,"robots_max_snippet":null,"robots_max_videopreview":null,"robots_max_imagepreview":"large","priority":null,"frequency":null,"local_seo":null,"seo_analyzer_scan_date":null,"breadcrumb_settings":null,"limit_modified_date":0,"reviewed_by":null,"open_ai":null,"ai":null,"created":"2023-10-26 07:13:18","updated":"2025-06-03 04:38:10"},"aioseo_breadcrumb":"<div class=\"aioseo-breadcrumbs\"><span class=\"aioseo-breadcrumb\">\n\t<a href=\"https:\/\/www.gambyl.com\/pt_br\/\" title=\"Home\">Home<\/a>\n<\/span><span class=\"aioseo-breadcrumb-separator\">\/<\/span><span class=\"aioseo-breadcrumb\">\n\t<a href=\"https:\/\/www.gambyl.com\/pt_br\/ciclismo\/\" title=\"Cycling\">Cycling<\/a>\n<\/span><span class=\"aioseo-breadcrumb-separator\">\/<\/span><span class=\"aioseo-breadcrumb\">\n\tTour de France 2023 LATAM Contenders\n<\/span><\/div>","aioseo_breadcrumb_json":[{"label":"Home","link":"https:\/\/www.gambyl.com\/pt_br\/"},{"label":"Cycling","link":"https:\/\/www.gambyl.com\/pt_br\/ciclismo\/"},{"label":"Tour de France 2023 LATAM Contenders","link":"https:\/\/www.gambyl.com\/pt_br\/ciclismo\/tour-de-france-2023-contendores-latam\/"}],"authors":[],"_links":{"self":[{"href":"https:\/\/www.gambyl.com\/pt_br\/wp-json\/wp\/v2\/posts\/22784","targetHints":{"allow":["GET"]}}],"collection":[{"href":"https:\/\/www.gambyl.com\/pt_br\/wp-json\/wp\/v2\/posts"}],"about":[{"href":"https:\/\/www.gambyl.com\/pt_br\/wp-json\/wp\/v2\/types\/post"}],"author":[{"embeddable":true,"href":"https:\/\/www.gambyl.com\/pt_br\/wp-json\/wp\/v2\/users\/10"}],"replies":[{"embeddable":true,"href":"https:\/\/www.gambyl.com\/pt_br\/wp-json\/wp\/v2\/comments?post=22784"}],"version-history":[{"count":0,"href":"https:\/\/www.gambyl.com\/pt_br\/wp-json\/wp\/v2\/posts\/22784\/revisions"}],"wp:featuredmedia":[{"embeddable":true,"href":"https:\/\/www.gambyl.com\/pt_br\/wp-json\/wp\/v2\/media\/22789"}],"wp:attachment":[{"href":"https:\/\/www.gambyl.com\/pt_br\/wp-json\/wp\/v2\/media?parent=22784"}],"wp:term":[{"taxonomy":"category","embeddable":true,"href":"https:\/\/www.gambyl.com\/pt_br\/wp-json\/wp\/v2\/categories?post=22784"},{"taxonomy":"post_tag","embeddable":true,"href":"https:\/\/www.gambyl.com\/pt_br\/wp-json\/wp\/v2\/tags?post=22784"}],"curies":[{"name":"wp","href":"https:\/\/api.w.org\/{rel}","templated":true}]}}